{"id":4043,"date":"2021-08-18T09:41:37","date_gmt":"2021-08-18T09:41:37","guid":{"rendered":"https:\/\/autoescolasabat.com\/nuevos-efectos-del-brexit-en-el-transporte-por-carretera-a-partir-de-2021-2\/"},"modified":"2021-08-18T09:41:37","modified_gmt":"2021-08-18T09:41:37","slug":"nuevos-efectos-del-brexit-en-el-transporte-por-carretera-a-partir-de-2021-2","status":"publish","type":"post","link":"https:\/\/autoescolasabat.com\/es\/nuevos-efectos-del-brexit-en-el-transporte-por-carretera-a-partir-de-2021-2\/","title":{"rendered":"Nuevos efectos del Brexit en el transporte por carretera a partir de 2021"},"content":{"rendered":"\n<p>La Comisi\u00f3n Europea publica la normativa provisional hasta que sea oficial el acuerdo entre el Reino Unido y la UE.<\/p>\n\n<p>La Comisi\u00f3n Europea ha publicado una serie de medidas de contingencia, entre ellas algunas sobre el transporte de mercanc\u00edas y de pasajeros por carretera, que entrar\u00e1n en vigor el 1 de enero de 2021 si el acuerdo entre el Reino Unido y la Uni\u00f3n Europea no se hace efectivo. Este reglamento est\u00e1 pensado para aplicarse en tanto no entre en vigor el acuerdo entre las partes afectadas por el Brexit, y tiene una duraci\u00f3n prevista de seis meses.<\/p>\n\n<p>Cuando haya un acuerdo oficial entre el Reino Unido y la UE sobre la regulaci\u00f3n del transporte por carretera, esta normativa dejar\u00e1 de aplicarse. Estas normas se aplican a los veh\u00edculos de motor para el transporte de mercanc\u00edas y de pasajeros registrados en el Reino Unido y en las empresas que posean el equivalente brit\u00e1nico de licencia comunitaria para transporte de mercanc\u00edas por carretera.<\/p>\n\n<p>En el caso del transporte de mercanc\u00edas, se permite el acceso bilateral al mercado (el tr\u00e1fico asociado de Estados miembros y terceros pa\u00edses) y derechos limitados, s\u00f3lo el tr\u00e1fico de Estados miembros de la UE podr\u00e1 moverse entre territorios del Reino Unido, para servicios regulares y especiales. Se permite el transporte por cuenta propia de correo, veh\u00edculos averiados, equipos m\u00e9dicos para el socorro en caso de desastres y el transporte de veh\u00edculos de menos de 3,5 toneladas.<\/p>\n\n<p>Para el transporte de pasajeros en autob\u00fas y autocar aplican las mismas medidas que con el de mercanc\u00edas, pero se prev\u00e9 tambi\u00e9n el establecimiento y la obtenci\u00f3n de permisos en la zona fronteriza de la Rep\u00fablica de Irlanda. El l\u00edmite de tiempo de aplicaci\u00f3n de este tipo de autorizaciones ser\u00e1 hasta el 30 de junio de 2021, una vez entre en vigor el acuerdo entre el Reino Unido y la Uni\u00f3n Europea. Los servicio por cuenta propia no requerir\u00e1n de licencia.<\/p>\n\n<p>En el territorio del Reino Unido se aplicar\u00e1n las normas de UE sobre tiempo de trabajo, tiempo de conducci\u00f3n y descanso, tac\u00f3grafo, formaci\u00f3n de conductores, pesos y dimensiones, limitadores de velocidad, cinturones de seguridad, desplazamiento de trabajadores y derechos de los pasajeros.<\/p>\n\n<p>No se permitir\u00e1 a los Estados miembros de UE celebrar acuerdos bilaterales con el Reino Unidos sobre las medidas establecidas por la Comisi\u00f3n Europea. Referente a las normas sociales y t\u00e9cnicas, se aplicar\u00e1n las normas de la Uni\u00f3n Europea sobre tiempo de trabajo, tiempo de conducci\u00f3n y descanso, tac\u00f3grafo, formaci\u00f3n de conductores, pesos y dimensiones, limitadores de velocidad, cinturones de seguridad, desplazamiento de trabajadores y derechos de los pasajeros.<\/p>\n\n<p>Estas medidas entrar\u00e1n en vigor el 1 de enero de 2021 despu\u00e9s de haber sido revisadas por el Parlamento Europeo y los Estados miembros de la Uni\u00f3n Europea, y ser\u00e1n vigentes hasta el 30 de junio de 2021, cuando sea oficial el acuerdo entre el Reino Unido y la Uni\u00f3n Europea sobre los efectos del Brexit.<\/p>\n","protected":false},"excerpt":{"rendered":"<p>La Comisi\u00f3n Europea publica la normativa provisional hasta que sea oficial el acuerdo entre el Reino Unido y la UE. La Comisi\u00f3n Europea ha publicado una serie de medidas de contingencia, entre ellas algunas sobre el transporte de mercanc\u00edas y de pasajeros por carretera, que entrar\u00e1n en vigor el 1 [&hellip;]<\/p>\n","protected":false},"author":1,"featured_media":3995,"comment_status":"closed","ping_status":"closed","sticky":false,"template":"","format":"standard","meta":{"footnotes":""},"categories":[3],"tags":[],"class_list":["post-4043","post","type-post","status-publish","format-standard","has-post-thumbnail","hentry","category-consejos"],"yoast_head":"<!-- This site is optimized with the Yoast SEO plugin v26.6 - https:\/\/yoast.com\/wordpress\/plugins\/seo\/ -->\n<title>Nuevos efectos del Brexit en el transporte por carretera a partir de 2021 - Autoescuela Sabat<\/title>\n<meta name=\"robots\" content=\"index, follow, max-snippet:-1, max-image-preview:large, max-video-preview:-1\" \/>\n<link rel=\"canonical\" href=\"https:\/\/autoescolasabat.com\/es\/nuevos-efectos-del-brexit-en-el-transporte-por-carretera-a-partir-de-2021-2\/\" \/>\n<meta property=\"og:locale\" content=\"es_ES\" \/>\n<meta property=\"og:type\" content=\"article\" \/>\n<meta property=\"og:title\" content=\"Nuevos efectos del Brexit en el transporte por carretera a partir de 2021 - Autoescuela Sabat\" \/>\n<meta property=\"og:description\" content=\"La Comisi\u00f3n Europea publica la normativa provisional hasta que sea oficial el acuerdo entre el Reino Unido y la UE. La Comisi\u00f3n Europea ha publicado una serie de medidas de contingencia, entre ellas algunas sobre el transporte de mercanc\u00edas y de pasajeros por carretera, que entrar\u00e1n en vigor el 1 [&hellip;]\" \/>\n<meta property=\"og:url\" content=\"https:\/\/autoescolasabat.com\/es\/nuevos-efectos-del-brexit-en-el-transporte-por-carretera-a-partir-de-2021-2\/\" \/>\n<meta property=\"og:site_name\" content=\"Autoescuela Sabat\" \/>\n<meta property=\"article:published_time\" content=\"2021-08-18T09:41:37+00:00\" \/>\n<meta property=\"og:image\" content=\"https:\/\/autoescolasabat.com\/wp-content\/uploads\/2021\/06\/Nuevos_efectos_del_Brexit_transporte_por_carretera.jpg\" \/>\n\t<meta property=\"og:image:width\" content=\"800\" \/>\n\t<meta property=\"og:image:height\" content=\"565\" \/>\n\t<meta property=\"og:image:type\" content=\"image\/jpeg\" \/>\n<meta name=\"author\" content=\"Autoescola Sabat\" \/>\n<meta name=\"twitter:card\" content=\"summary_large_image\" \/>\n<meta name=\"twitter:label1\" content=\"Escrito por\" \/>\n\t<meta name=\"twitter:data1\" content=\"Autoescola Sabat\" \/>\n\t<meta name=\"twitter:label2\" content=\"Tiempo de lectura\" \/>\n\t<meta name=\"twitter:data2\" content=\"3 minutos\" \/>\n<script type=\"application\/ld+json\" class=\"yoast-schema-graph\">{\"@context\":\"https:\/\/schema.org\",\"@graph\":[{\"@type\":\"Article\",\"@id\":\"https:\/\/autoescolasabat.com\/es\/nuevos-efectos-del-brexit-en-el-transporte-por-carretera-a-partir-de-2021-2\/#article\",\"isPartOf\":{\"@id\":\"https:\/\/autoescolasabat.com\/es\/nuevos-efectos-del-brexit-en-el-transporte-por-carretera-a-partir-de-2021-2\/\"},\"author\":{\"name\":\"Autoescola Sabat\",\"@id\":\"https:\/\/autoescolasabat.com\/#\/schema\/person\/a2a1b6277f9c701711296493e174d956\"},\"headline\":\"Nuevos efectos del Brexit en el transporte por carretera a partir de 2021\",\"datePublished\":\"2021-08-18T09:41:37+00:00\",\"mainEntityOfPage\":{\"@id\":\"https:\/\/autoescolasabat.com\/es\/nuevos-efectos-del-brexit-en-el-transporte-por-carretera-a-partir-de-2021-2\/\"},\"wordCount\":534,\"publisher\":{\"@id\":\"https:\/\/autoescolasabat.com\/#organization\"},\"image\":{\"@id\":\"https:\/\/autoescolasabat.com\/es\/nuevos-efectos-del-brexit-en-el-transporte-por-carretera-a-partir-de-2021-2\/#primaryimage\"},\"thumbnailUrl\":\"https:\/\/autoescolasabat.com\/wp-content\/uploads\/2021\/06\/Nuevos_efectos_del_Brexit_transporte_por_carretera.jpg\",\"articleSection\":[\"Consejos\"],\"inLanguage\":\"es\"},{\"@type\":\"WebPage\",\"@id\":\"https:\/\/autoescolasabat.com\/es\/nuevos-efectos-del-brexit-en-el-transporte-por-carretera-a-partir-de-2021-2\/\",\"url\":\"https:\/\/autoescolasabat.com\/es\/nuevos-efectos-del-brexit-en-el-transporte-por-carretera-a-partir-de-2021-2\/\",\"name\":\"Nuevos efectos del Brexit en el transporte por carretera a partir de 2021 - Autoescuela Sabat\",\"isPartOf\":{\"@id\":\"https:\/\/autoescolasabat.com\/#website\"},\"primaryImageOfPage\":{\"@id\":\"https:\/\/autoescolasabat.com\/es\/nuevos-efectos-del-brexit-en-el-transporte-por-carretera-a-partir-de-2021-2\/#primaryimage\"},\"image\":{\"@id\":\"https:\/\/autoescolasabat.com\/es\/nuevos-efectos-del-brexit-en-el-transporte-por-carretera-a-partir-de-2021-2\/#primaryimage\"},\"thumbnailUrl\":\"https:\/\/autoescolasabat.com\/wp-content\/uploads\/2021\/06\/Nuevos_efectos_del_Brexit_transporte_por_carretera.jpg\",\"datePublished\":\"2021-08-18T09:41:37+00:00\",\"breadcrumb\":{\"@id\":\"https:\/\/autoescolasabat.com\/es\/nuevos-efectos-del-brexit-en-el-transporte-por-carretera-a-partir-de-2021-2\/#breadcrumb\"},\"inLanguage\":\"es\",\"potentialAction\":[{\"@type\":\"ReadAction\",\"target\":[\"https:\/\/autoescolasabat.com\/es\/nuevos-efectos-del-brexit-en-el-transporte-por-carretera-a-partir-de-2021-2\/\"]}]},{\"@type\":\"ImageObject\",\"inLanguage\":\"es\",\"@id\":\"https:\/\/autoescolasabat.com\/es\/nuevos-efectos-del-brexit-en-el-transporte-por-carretera-a-partir-de-2021-2\/#primaryimage\",\"url\":\"https:\/\/autoescolasabat.com\/wp-content\/uploads\/2021\/06\/Nuevos_efectos_del_Brexit_transporte_por_carretera.jpg\",\"contentUrl\":\"https:\/\/autoescolasabat.com\/wp-content\/uploads\/2021\/06\/Nuevos_efectos_del_Brexit_transporte_por_carretera.jpg\",\"width\":800,\"height\":565},{\"@type\":\"BreadcrumbList\",\"@id\":\"https:\/\/autoescolasabat.com\/es\/nuevos-efectos-del-brexit-en-el-transporte-por-carretera-a-partir-de-2021-2\/#breadcrumb\",\"itemListElement\":[{\"@type\":\"ListItem\",\"position\":1,\"name\":\"Portada\",\"item\":\"https:\/\/autoescolasabat.com\/es\/inicio\/\"},{\"@type\":\"ListItem\",\"position\":2,\"name\":\"Nuevos efectos del Brexit en el transporte por carretera a partir de 2021\"}]},{\"@type\":\"WebSite\",\"@id\":\"https:\/\/autoescolasabat.com\/#website\",\"url\":\"https:\/\/autoescolasabat.com\/\",\"name\":\"Autoescuela Sabat\",\"description\":\"Autoescuela en Tarragona\",\"publisher\":{\"@id\":\"https:\/\/autoescolasabat.com\/#organization\"},\"potentialAction\":[{\"@type\":\"SearchAction\",\"target\":{\"@type\":\"EntryPoint\",\"urlTemplate\":\"https:\/\/autoescolasabat.com\/?s={search_term_string}\"},\"query-input\":{\"@type\":\"PropertyValueSpecification\",\"valueRequired\":true,\"valueName\":\"search_term_string\"}}],\"inLanguage\":\"es\"},{\"@type\":\"Organization\",\"@id\":\"https:\/\/autoescolasabat.com\/#organization\",\"name\":\"Autoescuela Sabat\",\"url\":\"https:\/\/autoescolasabat.com\/\",\"logo\":{\"@type\":\"ImageObject\",\"inLanguage\":\"es\",\"@id\":\"https:\/\/autoescolasabat.com\/#\/schema\/logo\/image\/\",\"url\":\"https:\/\/autoescolasabat.com\/wp-content\/uploads\/2020\/09\/autoescuela_sabat_logo.png\",\"contentUrl\":\"https:\/\/autoescolasabat.com\/wp-content\/uploads\/2020\/09\/autoescuela_sabat_logo.png\",\"width\":260,\"height\":100,\"caption\":\"Autoescuela Sabat\"},\"image\":{\"@id\":\"https:\/\/autoescolasabat.com\/#\/schema\/logo\/image\/\"}},{\"@type\":\"Person\",\"@id\":\"https:\/\/autoescolasabat.com\/#\/schema\/person\/a2a1b6277f9c701711296493e174d956\",\"name\":\"Autoescola Sabat\",\"image\":{\"@type\":\"ImageObject\",\"inLanguage\":\"es\",\"@id\":\"https:\/\/autoescolasabat.com\/#\/schema\/person\/image\/\",\"url\":\"https:\/\/secure.gravatar.com\/avatar\/0e00d513bc1ca1ce24ba6fcf81bbb4bd?s=96&d=mm&r=g\",\"contentUrl\":\"https:\/\/secure.gravatar.com\/avatar\/0e00d513bc1ca1ce24ba6fcf81bbb4bd?s=96&d=mm&r=g\",\"caption\":\"Autoescola Sabat\"},\"sameAs\":[\"http:\/\/www.dygicom.org\/sabat\"],\"url\":\"https:\/\/autoescolasabat.com\/es\/author\/dygicom\/\"}]}<\/script>\n<!-- \/ Yoast SEO plugin. -->","yoast_head_json":{"title":"Nuevos efectos del Brexit en el transporte por carretera a partir de 2021 - Autoescuela Sabat","robots":{"index":"index","follow":"follow","max-snippet":"max-snippet:-1","max-image-preview":"max-image-preview:large","max-video-preview":"max-video-preview:-1"},"canonical":"https:\/\/autoescolasabat.com\/es\/nuevos-efectos-del-brexit-en-el-transporte-por-carretera-a-partir-de-2021-2\/","og_locale":"es_ES","og_type":"article","og_title":"Nuevos efectos del Brexit en el transporte por carretera a partir de 2021 - Autoescuela Sabat","og_description":"La Comisi\u00f3n Europea publica la normativa provisional hasta que sea oficial el acuerdo entre el Reino Unido y la UE. La Comisi\u00f3n Europea ha publicado una serie de medidas de contingencia, entre ellas algunas sobre el transporte de mercanc\u00edas y de pasajeros por carretera, que entrar\u00e1n en vigor el 1 [&hellip;]","og_url":"https:\/\/autoescolasabat.com\/es\/nuevos-efectos-del-brexit-en-el-transporte-por-carretera-a-partir-de-2021-2\/","og_site_name":"Autoescuela Sabat","article_published_time":"2021-08-18T09:41:37+00:00","og_image":[{"width":800,"height":565,"url":"https:\/\/autoescolasabat.com\/wp-content\/uploads\/2021\/06\/Nuevos_efectos_del_Brexit_transporte_por_carretera.jpg","type":"image\/jpeg"}],"author":"Autoescola Sabat","twitter_card":"summary_large_image","twitter_misc":{"Escrito por":"Autoescola Sabat","Tiempo de lectura":"3 minutos"},"schema":{"@context":"https:\/\/schema.org","@graph":[{"@type":"Article","@id":"https:\/\/autoescolasabat.com\/es\/nuevos-efectos-del-brexit-en-el-transporte-por-carretera-a-partir-de-2021-2\/#article","isPartOf":{"@id":"https:\/\/autoescolasabat.com\/es\/nuevos-efectos-del-brexit-en-el-transporte-por-carretera-a-partir-de-2021-2\/"},"author":{"name":"Autoescola Sabat","@id":"https:\/\/autoescolasabat.com\/#\/schema\/person\/a2a1b6277f9c701711296493e174d956"},"headline":"Nuevos efectos del Brexit en el transporte por carretera a partir de 2021","datePublished":"2021-08-18T09:41:37+00:00","mainEntityOfPage":{"@id":"https:\/\/autoescolasabat.com\/es\/nuevos-efectos-del-brexit-en-el-transporte-por-carretera-a-partir-de-2021-2\/"},"wordCount":534,"publisher":{"@id":"https:\/\/autoescolasabat.com\/#organization"},"image":{"@id":"https:\/\/autoescolasabat.com\/es\/nuevos-efectos-del-brexit-en-el-transporte-por-carretera-a-partir-de-2021-2\/#primaryimage"},"thumbnailUrl":"https:\/\/autoescolasabat.com\/wp-content\/uploads\/2021\/06\/Nuevos_efectos_del_Brexit_transporte_por_carretera.jpg","articleSection":["Consejos"],"inLanguage":"es"},{"@type":"WebPage","@id":"https:\/\/autoescolasabat.com\/es\/nuevos-efectos-del-brexit-en-el-transporte-por-carretera-a-partir-de-2021-2\/","url":"https:\/\/autoescolasabat.com\/es\/nuevos-efectos-del-brexit-en-el-transporte-por-carretera-a-partir-de-2021-2\/","name":"Nuevos efectos del Brexit en el transporte por carretera a partir de 2021 - Autoescuela Sabat","isPartOf":{"@id":"https:\/\/autoescolasabat.com\/#website"},"primaryImageOfPage":{"@id":"https:\/\/autoescolasabat.com\/es\/nuevos-efectos-del-brexit-en-el-transporte-por-carretera-a-partir-de-2021-2\/#primaryimage"},"image":{"@id":"https:\/\/autoescolasabat.com\/es\/nuevos-efectos-del-brexit-en-el-transporte-por-carretera-a-partir-de-2021-2\/#primaryimage"},"thumbnailUrl":"https:\/\/autoescolasabat.com\/wp-content\/uploads\/2021\/06\/Nuevos_efectos_del_Brexit_transporte_por_carretera.jpg","datePublished":"2021-08-18T09:41:37+00:00","breadcrumb":{"@id":"https:\/\/autoescolasabat.com\/es\/nuevos-efectos-del-brexit-en-el-transporte-por-carretera-a-partir-de-2021-2\/#breadcrumb"},"inLanguage":"es","potentialAction":[{"@type":"ReadAction","target":["https:\/\/autoescolasabat.com\/es\/nuevos-efectos-del-brexit-en-el-transporte-por-carretera-a-partir-de-2021-2\/"]}]},{"@type":"ImageObject","inLanguage":"es","@id":"https:\/\/autoescolasabat.com\/es\/nuevos-efectos-del-brexit-en-el-transporte-por-carretera-a-partir-de-2021-2\/#primaryimage","url":"https:\/\/autoescolasabat.com\/wp-content\/uploads\/2021\/06\/Nuevos_efectos_del_Brexit_transporte_por_carretera.jpg","contentUrl":"https:\/\/autoescolasabat.com\/wp-content\/uploads\/2021\/06\/Nuevos_efectos_del_Brexit_transporte_por_carretera.jpg","width":800,"height":565},{"@type":"BreadcrumbList","@id":"https:\/\/autoescolasabat.com\/es\/nuevos-efectos-del-brexit-en-el-transporte-por-carretera-a-partir-de-2021-2\/#breadcrumb","itemListElement":[{"@type":"ListItem","position":1,"name":"Portada","item":"https:\/\/autoescolasabat.com\/es\/inicio\/"},{"@type":"ListItem","position":2,"name":"Nuevos efectos del Brexit en el transporte por carretera a partir de 2021"}]},{"@type":"WebSite","@id":"https:\/\/autoescolasabat.com\/#website","url":"https:\/\/autoescolasabat.com\/","name":"Autoescuela Sabat","description":"Autoescuela en Tarragona","publisher":{"@id":"https:\/\/autoescolasabat.com\/#organization"},"potentialAction":[{"@type":"SearchAction","target":{"@type":"EntryPoint","urlTemplate":"https:\/\/autoescolasabat.com\/?s={search_term_string}"},"query-input":{"@type":"PropertyValueSpecification","valueRequired":true,"valueName":"search_term_string"}}],"inLanguage":"es"},{"@type":"Organization","@id":"https:\/\/autoescolasabat.com\/#organization","name":"Autoescuela Sabat","url":"https:\/\/autoescolasabat.com\/","logo":{"@type":"ImageObject","inLanguage":"es","@id":"https:\/\/autoescolasabat.com\/#\/schema\/logo\/image\/","url":"https:\/\/autoescolasabat.com\/wp-content\/uploads\/2020\/09\/autoescuela_sabat_logo.png","contentUrl":"https:\/\/autoescolasabat.com\/wp-content\/uploads\/2020\/09\/autoescuela_sabat_logo.png","width":260,"height":100,"caption":"Autoescuela Sabat"},"image":{"@id":"https:\/\/autoescolasabat.com\/#\/schema\/logo\/image\/"}},{"@type":"Person","@id":"https:\/\/autoescolasabat.com\/#\/schema\/person\/a2a1b6277f9c701711296493e174d956","name":"Autoescola Sabat","image":{"@type":"ImageObject","inLanguage":"es","@id":"https:\/\/autoescolasabat.com\/#\/schema\/person\/image\/","url":"https:\/\/secure.gravatar.com\/avatar\/0e00d513bc1ca1ce24ba6fcf81bbb4bd?s=96&d=mm&r=g","contentUrl":"https:\/\/secure.gravatar.com\/avatar\/0e00d513bc1ca1ce24ba6fcf81bbb4bd?s=96&d=mm&r=g","caption":"Autoescola Sabat"},"sameAs":["http:\/\/www.dygicom.org\/sabat"],"url":"https:\/\/autoescolasabat.com\/es\/author\/dygicom\/"}]}},"_links":{"self":[{"href":"https:\/\/autoescolasabat.com\/es\/wp-json\/wp\/v2\/posts\/4043","targetHints":{"allow":["GET"]}}],"collection":[{"href":"https:\/\/autoescolasabat.com\/es\/wp-json\/wp\/v2\/posts"}],"about":[{"href":"https:\/\/autoescolasabat.com\/es\/wp-json\/wp\/v2\/types\/post"}],"author":[{"embeddable":true,"href":"https:\/\/autoescolasabat.com\/es\/wp-json\/wp\/v2\/users\/1"}],"replies":[{"embeddable":true,"href":"https:\/\/autoescolasabat.com\/es\/wp-json\/wp\/v2\/comments?post=4043"}],"version-history":[{"count":1,"href":"https:\/\/autoescolasabat.com\/es\/wp-json\/wp\/v2\/posts\/4043\/revisions"}],"predecessor-version":[{"id":4044,"href":"https:\/\/autoescolasabat.com\/es\/wp-json\/wp\/v2\/posts\/4043\/revisions\/4044"}],"wp:featuredmedia":[{"embeddable":true,"href":"https:\/\/autoescolasabat.com\/es\/wp-json\/wp\/v2\/media\/3995"}],"wp:attachment":[{"href":"https:\/\/autoescolasabat.com\/es\/wp-json\/wp\/v2\/media?parent=4043"}],"wp:term":[{"taxonomy":"category","embeddable":true,"href":"https:\/\/autoescolasabat.com\/es\/wp-json\/wp\/v2\/categories?post=4043"},{"taxonomy":"post_tag","embeddable":true,"href":"https:\/\/autoescolasabat.com\/es\/wp-json\/wp\/v2\/tags?post=4043"}],"curies":[{"name":"wp","href":"https:\/\/api.w.org\/{rel}","templated":true}]}}