{"id":3733,"date":"2021-02-26T11:22:00","date_gmt":"2021-02-26T11:22:00","guid":{"rendered":"https:\/\/autoescolasabat.com\/utilizar-el-movil-al-volante-sale-mas-caro-este-ano\/"},"modified":"2021-08-18T09:43:59","modified_gmt":"2021-08-18T09:43:59","slug":"utilizar-el-movil-al-volante-sale-mas-caro-este-ano","status":"publish","type":"post","link":"https:\/\/autoescolasabat.com\/es\/utilizar-el-movil-al-volante-sale-mas-caro-este-ano\/","title":{"rendered":"Utilizar el m\u00f3vil al volante sale m\u00e1s caro este a\u00f1o"},"content":{"rendered":"\n<p>En los \u00faltimos meses, las sanciones m\u00e1s habituales conductores han sido por el uso de dispositivos m\u00f3viles durante la conducci\u00f3n, y en 2021 ha entrado en vigor la retirada de 6 puntos del carn\u00e9 por esta infracci\u00f3n.<\/p>\n\n<p>La conducci\u00f3n de un veh\u00edculo de motor requiere toda la atenci\u00f3n durante todo el tiempo que dure la circulaci\u00f3n, y aunque parezca que para mirar el tel\u00e9fono un momento no pasar\u00e1 nada, s\u00f3lo para consultar la pantalla del m\u00f3vil, ya se est\u00e1 desatendiendo la carretera el tiempo necesario para causar un accidente.<\/p>\n\n<p>Adem\u00e1s, los tel\u00e9fonos inteligentes cada vez ofrecen m\u00e1s opciones, y la cantidad de distracciones provenientes del tel\u00e9fono aumentan de manera alarmante. Ya no se trata de responder a una llamada o leer un mensaje de Whatsapp, sino tambi\u00e9n de cambiar la canci\u00f3n, manipular la aplicaci\u00f3n de GPS u otra de las tantas opciones que ofrecen estos tel\u00e9fonos.<\/p>\n\n<p>Cualquiera de estas distracciones, incluso el gesto de buscar el m\u00f3vil dentro de la bolsa o ajustar el volumen de reproducci\u00f3n de la m\u00fasica, pueden conllevar una sanci\u00f3n si nos pillan haci\u00e9ndolo durante la circulaci\u00f3n. Y hay que recordar que cuando estamos parados en un sem\u00e1foro, tampoco est\u00e1 permitido manipular el dispositivo, porque al estar el motor en marcha, cuenta como parte de la circulaci\u00f3n.<\/p>\n\n<p><strong>Nueva sanci\u00f3n<\/strong><\/p>\n\n<p>Hasta ahora, la sanci\u00f3n por esta distracci\u00f3n era de 200 euros y la retirada de 3 puntos, pero la nueva normativa, aunque mantiene la misma sanci\u00f3n econ\u00f3mica, aumenta la retirada de puntos a 6. Seg\u00fan la Direcci\u00f3n General de Tr\u00e1fico, es una manera de endurecer la penalizaci\u00f3n para mentalizar a los conductores del riesgo de utilizar el tel\u00e9fono m\u00f3vil al volante, sin equipararla a la sanci\u00f3n por conducci\u00f3n temeraria, que sigue siendo de 500 euros y la retirada de 6 puntos del carn\u00e9.<\/p>\n\n<p>Con esta modificaci\u00f3n de las normas de circulaci\u00f3n, tambi\u00e9n se introduce la posibilidad de sancionar por el simple hecho de tener el m\u00f3vil en la mano mientras se conduce. Por lo que desde la Autoescuela Sabat de Tarragona recomendamos a las personas que utilicen el m\u00f3vil como navegador GPS o reproductor de m\u00fasica por Bluetooth, el uso de un elemento de sujeci\u00f3n adecuado para colocar el m\u00f3vil en el cuadro de mando .<\/p>\n\n<p>Otra de las infracciones relacionadas con el uso de dispositivos multimedia que se ha convertido en habitual es circular llevando auriculares o cascos conectados a reproductores de audio. La distracci\u00f3n auditiva tambi\u00e9n es sancionable durante la conducci\u00f3n de un veh\u00edculo. La sanci\u00f3n por llevar auriculares durante la circulaci\u00f3n, sea en coche, en moto o en bicicleta, es la misma que para la manipulaci\u00f3n del tel\u00e9fono. Multa de 200 euros y la retirada de 6 puntos del permiso de conducir.<\/p>\n\n<p><strong>Evitar tentaciones<\/strong><\/p>\n\n<p>Nuestra recomendaci\u00f3n principal es, como siempre, abstenerse de utilizar el m\u00f3vil durante la conducci\u00f3n. Para evitar tentaciones, podemos utilizar la opci\u00f3n del \u00abmodo de conducci\u00f3n\u00bb del tel\u00e9fono. Algunos dispositivos lo tienen por defecto y en otros hay que instalar una aplicaci\u00f3n, este sistema detecta el movimiento del veh\u00edculo e impide que aparezcan notificaciones de aplicaciones o llamadas durante la circulaci\u00f3n. De esta manera, reducimos el riesgo por descuido, y tambi\u00e9n la posibilidad de recibir una multa.<\/p>\n","protected":false},"excerpt":{"rendered":"<p>En los \u00faltimos meses, las sanciones m\u00e1s habituales conductores han sido por el uso de dispositivos m\u00f3viles durante la conducci\u00f3n, y en 2021 ha entrado en vigor la retirada de 6 puntos del carn\u00e9 por esta infracci\u00f3n. La conducci\u00f3n de un veh\u00edculo de motor requiere toda la atenci\u00f3n durante todo [&hellip;]<\/p>\n","protected":false},"author":1,"featured_media":3732,"comment_status":"closed","ping_status":"closed","sticky":false,"template":"","format":"standard","meta":{"footnotes":""},"categories":[3],"tags":[],"class_list":["post-3733","post","type-post","status-publish","format-standard","has-post-thumbnail","hentry","category-consejos"],"yoast_head":"<!-- This site is optimized with the Yoast SEO plugin v26.6 - https:\/\/yoast.com\/wordpress\/plugins\/seo\/ -->\n<title>Utilizar el m\u00f3vil al volante sale m\u00e1s caro este a\u00f1o - Autoescuela Sabat<\/title>\n<meta name=\"robots\" content=\"index, follow, max-snippet:-1, max-image-preview:large, max-video-preview:-1\" \/>\n<link rel=\"canonical\" href=\"https:\/\/autoescolasabat.com\/es\/utilizar-el-movil-al-volante-sale-mas-caro-este-ano\/\" \/>\n<meta property=\"og:locale\" content=\"es_ES\" \/>\n<meta property=\"og:type\" content=\"article\" \/>\n<meta property=\"og:title\" content=\"Utilizar el m\u00f3vil al volante sale m\u00e1s caro este a\u00f1o - Autoescuela Sabat\" \/>\n<meta property=\"og:description\" content=\"En los \u00faltimos meses, las sanciones m\u00e1s habituales conductores han sido por el uso de dispositivos m\u00f3viles durante la conducci\u00f3n, y en 2021 ha entrado en vigor la retirada de 6 puntos del carn\u00e9 por esta infracci\u00f3n. La conducci\u00f3n de un veh\u00edculo de motor requiere toda la atenci\u00f3n durante todo [&hellip;]\" \/>\n<meta property=\"og:url\" content=\"https:\/\/autoescolasabat.com\/es\/utilizar-el-movil-al-volante-sale-mas-caro-este-ano\/\" \/>\n<meta property=\"og:site_name\" content=\"Autoescuela Sabat\" \/>\n<meta property=\"article:published_time\" content=\"2021-02-26T11:22:00+00:00\" \/>\n<meta property=\"article:modified_time\" content=\"2021-08-18T09:43:59+00:00\" \/>\n<meta property=\"og:image\" content=\"https:\/\/autoescolasabat.com\/wp-content\/uploads\/2021\/02\/utilizar_el_movil_al_volante_sale_mas_caro_2021.jpg\" \/>\n\t<meta property=\"og:image:width\" content=\"800\" \/>\n\t<meta property=\"og:image:height\" content=\"565\" \/>\n\t<meta property=\"og:image:type\" content=\"image\/jpeg\" \/>\n<meta name=\"author\" content=\"Autoescola Sabat\" \/>\n<meta name=\"twitter:card\" content=\"summary_large_image\" \/>\n<meta name=\"twitter:label1\" content=\"Escrito por\" \/>\n\t<meta name=\"twitter:data1\" content=\"Autoescola Sabat\" \/>\n\t<meta name=\"twitter:label2\" content=\"Tiempo de lectura\" \/>\n\t<meta name=\"twitter:data2\" content=\"3 minutos\" \/>\n<script type=\"application\/ld+json\" class=\"yoast-schema-graph\">{\"@context\":\"https:\/\/schema.org\",\"@graph\":[{\"@type\":\"Article\",\"@id\":\"https:\/\/autoescolasabat.com\/es\/utilizar-el-movil-al-volante-sale-mas-caro-este-ano\/#article\",\"isPartOf\":{\"@id\":\"https:\/\/autoescolasabat.com\/es\/utilizar-el-movil-al-volante-sale-mas-caro-este-ano\/\"},\"author\":{\"name\":\"Autoescola Sabat\",\"@id\":\"https:\/\/autoescolasabat.com\/#\/schema\/person\/a2a1b6277f9c701711296493e174d956\"},\"headline\":\"Utilizar el m\u00f3vil al volante sale m\u00e1s caro este a\u00f1o\",\"datePublished\":\"2021-02-26T11:22:00+00:00\",\"dateModified\":\"2021-08-18T09:43:59+00:00\",\"mainEntityOfPage\":{\"@id\":\"https:\/\/autoescolasabat.com\/es\/utilizar-el-movil-al-volante-sale-mas-caro-este-ano\/\"},\"wordCount\":595,\"publisher\":{\"@id\":\"https:\/\/autoescolasabat.com\/#organization\"},\"image\":{\"@id\":\"https:\/\/autoescolasabat.com\/es\/utilizar-el-movil-al-volante-sale-mas-caro-este-ano\/#primaryimage\"},\"thumbnailUrl\":\"https:\/\/autoescolasabat.com\/wp-content\/uploads\/2021\/02\/utilizar_el_movil_al_volante_sale_mas_caro_2021.jpg\",\"articleSection\":[\"Consejos\"],\"inLanguage\":\"es\"},{\"@type\":\"WebPage\",\"@id\":\"https:\/\/autoescolasabat.com\/es\/utilizar-el-movil-al-volante-sale-mas-caro-este-ano\/\",\"url\":\"https:\/\/autoescolasabat.com\/es\/utilizar-el-movil-al-volante-sale-mas-caro-este-ano\/\",\"name\":\"Utilizar el m\u00f3vil al volante sale m\u00e1s caro este a\u00f1o - Autoescuela Sabat\",\"isPartOf\":{\"@id\":\"https:\/\/autoescolasabat.com\/#website\"},\"primaryImageOfPage\":{\"@id\":\"https:\/\/autoescolasabat.com\/es\/utilizar-el-movil-al-volante-sale-mas-caro-este-ano\/#primaryimage\"},\"image\":{\"@id\":\"https:\/\/autoescolasabat.com\/es\/utilizar-el-movil-al-volante-sale-mas-caro-este-ano\/#primaryimage\"},\"thumbnailUrl\":\"https:\/\/autoescolasabat.com\/wp-content\/uploads\/2021\/02\/utilizar_el_movil_al_volante_sale_mas_caro_2021.jpg\",\"datePublished\":\"2021-02-26T11:22:00+00:00\",\"dateModified\":\"2021-08-18T09:43:59+00:00\",\"breadcrumb\":{\"@id\":\"https:\/\/autoescolasabat.com\/es\/utilizar-el-movil-al-volante-sale-mas-caro-este-ano\/#breadcrumb\"},\"inLanguage\":\"es\",\"potentialAction\":[{\"@type\":\"ReadAction\",\"target\":[\"https:\/\/autoescolasabat.com\/es\/utilizar-el-movil-al-volante-sale-mas-caro-este-ano\/\"]}]},{\"@type\":\"ImageObject\",\"inLanguage\":\"es\",\"@id\":\"https:\/\/autoescolasabat.com\/es\/utilizar-el-movil-al-volante-sale-mas-caro-este-ano\/#primaryimage\",\"url\":\"https:\/\/autoescolasabat.com\/wp-content\/uploads\/2021\/02\/utilizar_el_movil_al_volante_sale_mas_caro_2021.jpg\",\"contentUrl\":\"https:\/\/autoescolasabat.com\/wp-content\/uploads\/2021\/02\/utilizar_el_movil_al_volante_sale_mas_caro_2021.jpg\",\"width\":800,\"height\":565},{\"@type\":\"BreadcrumbList\",\"@id\":\"https:\/\/autoescolasabat.com\/es\/utilizar-el-movil-al-volante-sale-mas-caro-este-ano\/#breadcrumb\",\"itemListElement\":[{\"@type\":\"ListItem\",\"position\":1,\"name\":\"Portada\",\"item\":\"https:\/\/autoescolasabat.com\/es\/inicio\/\"},{\"@type\":\"ListItem\",\"position\":2,\"name\":\"Utilizar el m\u00f3vil al volante sale m\u00e1s caro este a\u00f1o\"}]},{\"@type\":\"WebSite\",\"@id\":\"https:\/\/autoescolasabat.com\/#website\",\"url\":\"https:\/\/autoescolasabat.com\/\",\"name\":\"Autoescuela Sabat\",\"description\":\"Autoescuela en Tarragona\",\"publisher\":{\"@id\":\"https:\/\/autoescolasabat.com\/#organization\"},\"potentialAction\":[{\"@type\":\"SearchAction\",\"target\":{\"@type\":\"EntryPoint\",\"urlTemplate\":\"https:\/\/autoescolasabat.com\/?s={search_term_string}\"},\"query-input\":{\"@type\":\"PropertyValueSpecification\",\"valueRequired\":true,\"valueName\":\"search_term_string\"}}],\"inLanguage\":\"es\"},{\"@type\":\"Organization\",\"@id\":\"https:\/\/autoescolasabat.com\/#organization\",\"name\":\"Autoescuela Sabat\",\"url\":\"https:\/\/autoescolasabat.com\/\",\"logo\":{\"@type\":\"ImageObject\",\"inLanguage\":\"es\",\"@id\":\"https:\/\/autoescolasabat.com\/#\/schema\/logo\/image\/\",\"url\":\"https:\/\/autoescolasabat.com\/wp-content\/uploads\/2020\/09\/autoescuela_sabat_logo.png\",\"contentUrl\":\"https:\/\/autoescolasabat.com\/wp-content\/uploads\/2020\/09\/autoescuela_sabat_logo.png\",\"width\":260,\"height\":100,\"caption\":\"Autoescuela Sabat\"},\"image\":{\"@id\":\"https:\/\/autoescolasabat.com\/#\/schema\/logo\/image\/\"}},{\"@type\":\"Person\",\"@id\":\"https:\/\/autoescolasabat.com\/#\/schema\/person\/a2a1b6277f9c701711296493e174d956\",\"name\":\"Autoescola Sabat\",\"image\":{\"@type\":\"ImageObject\",\"inLanguage\":\"es\",\"@id\":\"https:\/\/autoescolasabat.com\/#\/schema\/person\/image\/\",\"url\":\"https:\/\/secure.gravatar.com\/avatar\/0e00d513bc1ca1ce24ba6fcf81bbb4bd?s=96&d=mm&r=g\",\"contentUrl\":\"https:\/\/secure.gravatar.com\/avatar\/0e00d513bc1ca1ce24ba6fcf81bbb4bd?s=96&d=mm&r=g\",\"caption\":\"Autoescola Sabat\"},\"sameAs\":[\"http:\/\/www.dygicom.org\/sabat\"],\"url\":\"https:\/\/autoescolasabat.com\/es\/author\/dygicom\/\"}]}<\/script>\n<!-- \/ Yoast SEO plugin. -->","yoast_head_json":{"title":"Utilizar el m\u00f3vil al volante sale m\u00e1s caro este a\u00f1o - Autoescuela Sabat","robots":{"index":"index","follow":"follow","max-snippet":"max-snippet:-1","max-image-preview":"max-image-preview:large","max-video-preview":"max-video-preview:-1"},"canonical":"https:\/\/autoescolasabat.com\/es\/utilizar-el-movil-al-volante-sale-mas-caro-este-ano\/","og_locale":"es_ES","og_type":"article","og_title":"Utilizar el m\u00f3vil al volante sale m\u00e1s caro este a\u00f1o - Autoescuela Sabat","og_description":"En los \u00faltimos meses, las sanciones m\u00e1s habituales conductores han sido por el uso de dispositivos m\u00f3viles durante la conducci\u00f3n, y en 2021 ha entrado en vigor la retirada de 6 puntos del carn\u00e9 por esta infracci\u00f3n. La conducci\u00f3n de un veh\u00edculo de motor requiere toda la atenci\u00f3n durante todo [&hellip;]","og_url":"https:\/\/autoescolasabat.com\/es\/utilizar-el-movil-al-volante-sale-mas-caro-este-ano\/","og_site_name":"Autoescuela Sabat","article_published_time":"2021-02-26T11:22:00+00:00","article_modified_time":"2021-08-18T09:43:59+00:00","og_image":[{"width":800,"height":565,"url":"https:\/\/autoescolasabat.com\/wp-content\/uploads\/2021\/02\/utilizar_el_movil_al_volante_sale_mas_caro_2021.jpg","type":"image\/jpeg"}],"author":"Autoescola Sabat","twitter_card":"summary_large_image","twitter_misc":{"Escrito por":"Autoescola Sabat","Tiempo de lectura":"3 minutos"},"schema":{"@context":"https:\/\/schema.org","@graph":[{"@type":"Article","@id":"https:\/\/autoescolasabat.com\/es\/utilizar-el-movil-al-volante-sale-mas-caro-este-ano\/#article","isPartOf":{"@id":"https:\/\/autoescolasabat.com\/es\/utilizar-el-movil-al-volante-sale-mas-caro-este-ano\/"},"author":{"name":"Autoescola Sabat","@id":"https:\/\/autoescolasabat.com\/#\/schema\/person\/a2a1b6277f9c701711296493e174d956"},"headline":"Utilizar el m\u00f3vil al volante sale m\u00e1s caro este a\u00f1o","datePublished":"2021-02-26T11:22:00+00:00","dateModified":"2021-08-18T09:43:59+00:00","mainEntityOfPage":{"@id":"https:\/\/autoescolasabat.com\/es\/utilizar-el-movil-al-volante-sale-mas-caro-este-ano\/"},"wordCount":595,"publisher":{"@id":"https:\/\/autoescolasabat.com\/#organization"},"image":{"@id":"https:\/\/autoescolasabat.com\/es\/utilizar-el-movil-al-volante-sale-mas-caro-este-ano\/#primaryimage"},"thumbnailUrl":"https:\/\/autoescolasabat.com\/wp-content\/uploads\/2021\/02\/utilizar_el_movil_al_volante_sale_mas_caro_2021.jpg","articleSection":["Consejos"],"inLanguage":"es"},{"@type":"WebPage","@id":"https:\/\/autoescolasabat.com\/es\/utilizar-el-movil-al-volante-sale-mas-caro-este-ano\/","url":"https:\/\/autoescolasabat.com\/es\/utilizar-el-movil-al-volante-sale-mas-caro-este-ano\/","name":"Utilizar el m\u00f3vil al volante sale m\u00e1s caro este a\u00f1o - Autoescuela Sabat","isPartOf":{"@id":"https:\/\/autoescolasabat.com\/#website"},"primaryImageOfPage":{"@id":"https:\/\/autoescolasabat.com\/es\/utilizar-el-movil-al-volante-sale-mas-caro-este-ano\/#primaryimage"},"image":{"@id":"https:\/\/autoescolasabat.com\/es\/utilizar-el-movil-al-volante-sale-mas-caro-este-ano\/#primaryimage"},"thumbnailUrl":"https:\/\/autoescolasabat.com\/wp-content\/uploads\/2021\/02\/utilizar_el_movil_al_volante_sale_mas_caro_2021.jpg","datePublished":"2021-02-26T11:22:00+00:00","dateModified":"2021-08-18T09:43:59+00:00","breadcrumb":{"@id":"https:\/\/autoescolasabat.com\/es\/utilizar-el-movil-al-volante-sale-mas-caro-este-ano\/#breadcrumb"},"inLanguage":"es","potentialAction":[{"@type":"ReadAction","target":["https:\/\/autoescolasabat.com\/es\/utilizar-el-movil-al-volante-sale-mas-caro-este-ano\/"]}]},{"@type":"ImageObject","inLanguage":"es","@id":"https:\/\/autoescolasabat.com\/es\/utilizar-el-movil-al-volante-sale-mas-caro-este-ano\/#primaryimage","url":"https:\/\/autoescolasabat.com\/wp-content\/uploads\/2021\/02\/utilizar_el_movil_al_volante_sale_mas_caro_2021.jpg","contentUrl":"https:\/\/autoescolasabat.com\/wp-content\/uploads\/2021\/02\/utilizar_el_movil_al_volante_sale_mas_caro_2021.jpg","width":800,"height":565},{"@type":"BreadcrumbList","@id":"https:\/\/autoescolasabat.com\/es\/utilizar-el-movil-al-volante-sale-mas-caro-este-ano\/#breadcrumb","itemListElement":[{"@type":"ListItem","position":1,"name":"Portada","item":"https:\/\/autoescolasabat.com\/es\/inicio\/"},{"@type":"ListItem","position":2,"name":"Utilizar el m\u00f3vil al volante sale m\u00e1s caro este a\u00f1o"}]},{"@type":"WebSite","@id":"https:\/\/autoescolasabat.com\/#website","url":"https:\/\/autoescolasabat.com\/","name":"Autoescuela Sabat","description":"Autoescuela en Tarragona","publisher":{"@id":"https:\/\/autoescolasabat.com\/#organization"},"potentialAction":[{"@type":"SearchAction","target":{"@type":"EntryPoint","urlTemplate":"https:\/\/autoescolasabat.com\/?s={search_term_string}"},"query-input":{"@type":"PropertyValueSpecification","valueRequired":true,"valueName":"search_term_string"}}],"inLanguage":"es"},{"@type":"Organization","@id":"https:\/\/autoescolasabat.com\/#organization","name":"Autoescuela Sabat","url":"https:\/\/autoescolasabat.com\/","logo":{"@type":"ImageObject","inLanguage":"es","@id":"https:\/\/autoescolasabat.com\/#\/schema\/logo\/image\/","url":"https:\/\/autoescolasabat.com\/wp-content\/uploads\/2020\/09\/autoescuela_sabat_logo.png","contentUrl":"https:\/\/autoescolasabat.com\/wp-content\/uploads\/2020\/09\/autoescuela_sabat_logo.png","width":260,"height":100,"caption":"Autoescuela Sabat"},"image":{"@id":"https:\/\/autoescolasabat.com\/#\/schema\/logo\/image\/"}},{"@type":"Person","@id":"https:\/\/autoescolasabat.com\/#\/schema\/person\/a2a1b6277f9c701711296493e174d956","name":"Autoescola Sabat","image":{"@type":"ImageObject","inLanguage":"es","@id":"https:\/\/autoescolasabat.com\/#\/schema\/person\/image\/","url":"https:\/\/secure.gravatar.com\/avatar\/0e00d513bc1ca1ce24ba6fcf81bbb4bd?s=96&d=mm&r=g","contentUrl":"https:\/\/secure.gravatar.com\/avatar\/0e00d513bc1ca1ce24ba6fcf81bbb4bd?s=96&d=mm&r=g","caption":"Autoescola Sabat"},"sameAs":["http:\/\/www.dygicom.org\/sabat"],"url":"https:\/\/autoescolasabat.com\/es\/author\/dygicom\/"}]}},"_links":{"self":[{"href":"https:\/\/autoescolasabat.com\/es\/wp-json\/wp\/v2\/posts\/3733","targetHints":{"allow":["GET"]}}],"collection":[{"href":"https:\/\/autoescolasabat.com\/es\/wp-json\/wp\/v2\/posts"}],"about":[{"href":"https:\/\/autoescolasabat.com\/es\/wp-json\/wp\/v2\/types\/post"}],"author":[{"embeddable":true,"href":"https:\/\/autoescolasabat.com\/es\/wp-json\/wp\/v2\/users\/1"}],"replies":[{"embeddable":true,"href":"https:\/\/autoescolasabat.com\/es\/wp-json\/wp\/v2\/comments?post=3733"}],"version-history":[{"count":2,"href":"https:\/\/autoescolasabat.com\/es\/wp-json\/wp\/v2\/posts\/3733\/revisions"}],"predecessor-version":[{"id":4045,"href":"https:\/\/autoescolasabat.com\/es\/wp-json\/wp\/v2\/posts\/3733\/revisions\/4045"}],"wp:featuredmedia":[{"embeddable":true,"href":"https:\/\/autoescolasabat.com\/es\/wp-json\/wp\/v2\/media\/3732"}],"wp:attachment":[{"href":"https:\/\/autoescolasabat.com\/es\/wp-json\/wp\/v2\/media?parent=3733"}],"wp:term":[{"taxonomy":"category","embeddable":true,"href":"https:\/\/autoescolasabat.com\/es\/wp-json\/wp\/v2\/categories?post=3733"},{"taxonomy":"post_tag","embeddable":true,"href":"https:\/\/autoescolasabat.com\/es\/wp-json\/wp\/v2\/tags?post=3733"}],"curies":[{"name":"wp","href":"https:\/\/api.w.org\/{rel}","templated":true}]}}